{"id":3181,"date":"2018-03-13T17:03:58","date_gmt":"2018-03-13T16:03:58","guid":{"rendered":"https:\/\/www.associazionegiovaneuropa.eu\/un-inizio-stupendo-per-angeli-in-mostra-grazie-alla-partecipazione-di-tutti-2\/"},"modified":"2018-03-13T17:03:58","modified_gmt":"2018-03-13T16:03:58","slug":"un-inizio-stupendo-per-angeli-in-mostra-grazie-alla-partecipazione-di-tutti-2","status":"publish","type":"post","link":"https:\/\/www.associazionegiovaneuropa.eu\/en\/un-inizio-stupendo-per-angeli-in-mostra-grazie-alla-partecipazione-di-tutti-2\/","title":{"rendered":"Un inizio stupendo per  #Angeli in  #Mostra, grazie alla partecipazione di tutti&#8230;"},"content":{"rendered":"\nUn inizio stupendo per  <a href=\"https:\/\/www.facebook.com\/hashtag\/Angeli\">#Angeli<\/a> in  <a href=\"https:\/\/www.facebook.com\/hashtag\/Mostra\">#Mostra<\/a>, grazie alla partecipazione di tutti in particolar modo del Polo Museale Civico Giulianova, della Citt\u00e0 di Giulianova &#8211; Cultura e Turismo e della collezione Gianni Brandozzi.<\/p>\n<p>Ma \u00e8 solo l&#8217;inizio&#8230;la mostra \u00e8 visitabile fino al 7 gennaio 2018, per trascorrere questo  <a href=\"https:\/\/www.facebook.com\/hashtag\/Natale2017\">#Natale2017<\/a> all&#8217;insegna del bello!<\/p>\n<p><a href=\"https:\/\/www.facebook.com\/giovane.europa\/photos\/a.1424421317699318.1073741828.1424390924369024\/2048487265292717\/?type=3\"><\/a><br \/><a href=\"https:\/\/www.facebook.com\/giovane.europa\/photos\/a.1424421317699318.1073741828.1424390924369024\/2048487265292717\/?type=3\"><img decoding=\"async\" class=\"wp_automatic_fb_img\" title=\"\" src=\"https:\/\/scontent.xx.fbcdn.net\/v\/t1.0-9\/r90\/25348514_2048487308626046_3021845527398282452_n.jpg?oh=174e9b2db76660c677d3ab824a3a7467&#038;oe=5B36EF99\" \/><\/a><br \/><a href=\"https:\/\/www.facebook.com\/giovane.europa\/photos\/a.1424421317699318.1073741828.1424390924369024\/2048487265292717\/?type=3\"><img decoding=\"async\" class=\"wp_automatic_fb_img\" title=\"\" src=\"https:\/\/scontent.xx.fbcdn.net\/v\/t1.0-9\/r90\/25348376_2048487278626049_5117712340476133838_n.jpg?oh=1407cdc3df322c3669969f607f51e24f&#038;oe=5B072ED9\" \/><\/a><br \/><a href=\"https:\/\/www.facebook.com\/giovane.europa\/photos\/a.1424421317699318.1073741828.1424390924369024\/2048487265292717\/?type=3\"><img decoding=\"async\" class=\"wp_automatic_fb_img\" title=\"\" src=\"https:\/\/scontent.xx.fbcdn.net\/v\/t1.0-9\/r90\/25299379_2048487341959376_7838853939034746705_n.jpg?oh=d036fe62ccc44af25ea2978b712f7f97&#038;oe=5B4DD953\" \/><\/a><br \/><a href=\"https:\/\/www.facebook.com\/giovane.europa\/photos\/a.1424421317699318.1073741828.1424390924369024\/2048487265292717\/?type=3\"><img decoding=\"async\" class=\"wp_automatic_fb_img\" title=\"\" src=\"https:\/\/scontent.xx.fbcdn.net\/v\/t1.0-9\/r90\/25348480_2048487361959374_7979408464021378264_n.jpg?oh=5d04822aeb2f7c33d1b247449e1c9cf7&#038;oe=5B4C2DEC\" \/><\/a><br \/><a href=\"https:\/\/www.facebook.com\/giovane.europa\/photos\/a.1424421317699318.1073741828.1424390924369024\/2048487265292717\/?type=3\"><img decoding=\"async\" class=\"wp_automatic_fb_img\" title=\"\" src=\"https:\/\/scontent.xx.fbcdn.net\/v\/t1.0-9\/25348745_2048487385292705_5844111941244767441_n.jpg?oh=50ddac670ddd9aa4521aba5a45808e75&#038;oe=5B3E1019\" \/><\/a><br \/><a href=\"https:\/\/www.facebook.com\/giovane.europa\/photos\/a.1424421317699318.1073741828.1424390924369024\/2048487265292717\/?type=3\"><img decoding=\"async\" class=\"wp_automatic_fb_img\" title=\"\" src=\"https:\/\/scontent.xx.fbcdn.net\/v\/t1.0-9\/25353852_2048487435292700_5437782749520047341_n.jpg?oh=3bdd9734a5de20dabcd991e68ab97f74&#038;oe=5B3C09FB\" \/><\/a><br \/><a href=\"https:\/\/www.facebook.com\/giovane.europa\/photos\/a.1424421317699318.1073741828.1424390924369024\/2048487265292717\/?type=3\"><img decoding=\"async\" class=\"wp_automatic_fb_img\" title=\"\" src=\"https:\/\/scontent.xx.fbcdn.net\/v\/t1.0-9\/25442845_2048487461959364_5547312858470447174_n.jpg?oh=fd6fcaa1163a7b554960cb802b71c9e5&#038;oe=5B005959\" \/><\/a><br \/><a href=\"https:\/\/www.facebook.com\/giovane.europa\/photos\/a.1424421317699318.1073741828.1424390924369024\/2048487265292717\/?type=3\"><img decoding=\"async\" class=\"wp_automatic_fb_img\" title=\"\" src=\"https:\/\/scontent.xx.fbcdn.net\/v\/t1.0-9\/r90\/25348590_2048487495292694_7921778056238117723_n.jpg?oh=85f9175e9160c19284ddb7777c216228&#038;oe=5B479FE9\" \/><\/a><br \/><a href=\"https:\/\/www.facebook.com\/giovane.europa\/photos\/a.1424421317699318.1073741828.1424390924369024\/2048487265292717\/?type=3\"><img decoding=\"async\" class=\"wp_automatic_fb_img\" title=\"\" src=\"https:\/\/scontent.xx.fbcdn.net\/v\/t1.0-9\/r90\/25353995_2048487531959357_7212316550261665231_n.jpg?oh=8ed606fd1210ed4bde06ac54c441fee5&#038;oe=5B32CA9C\" \/><\/a><br \/><a href=\"https:\/\/www.facebook.com\/giovane.europa\/photos\/a.1424421317699318.1073741828.1424390924369024\/2048487265292717\/?type=3\"><img decoding=\"async\" class=\"wp_automatic_fb_img\" title=\"\" src=\"https:\/\/scontent.xx.fbcdn.net\/v\/t1.0-9\/25395759_2048487551959355_7920480402943582900_n.jpg?oh=638322951efa0edb684381a4b3396551&#038;oe=5B37D980\" \/><\/a><br \/><a href=\"https:\/\/www.facebook.com\/giovane.europa\/photos\/a.1424421317699318.1073741828.1424390924369024\/2048487265292717\/?type=3\"><img decoding=\"async\" class=\"wp_automatic_fb_img\" title=\"\" src=\"https:\/\/scontent.xx.fbcdn.net\/v\/t1.0-9\/25354076_2048487571959353_2206001312270196166_n.jpg?oh=863fd41db0d6fd0804062ec31a47382a&#038;oe=5B04D876\" \/><\/a><br \/>\n\n<br \/><a href=\"https:\/\/www.facebook.com\/1424390924369024\/posts\/2048488158625961?rand=3140\">Fonte<\/a>  <\/p>\n","protected":false},"excerpt":{"rendered":"<p>Un inizio stupendo per #Angeli in #Mostra, grazie alla partecipazione di tutti in particolar modo del Polo Museale Civico Giulianova, della Citt\u00e0 di Giulianova &#8211; Cultura e Turismo e della collezione Gianni Brandozzi. Ma \u00e8 solo l&#8217;inizio&#8230;la mostra \u00e8 visitabile fino al 7 gennaio 2018, per trascorrere questo #Natale2017 all&#8217;insegna del bello! Fonte<\/p>\n","protected":false},"author":3,"featured_media":3182,"comment_status":"closed","ping_status":"open","sticky":false,"template":"","format":"standard","meta":{"footnotes":""},"categories":[49],"tags":[],"class_list":["post-3181","post","type-post","status-publish","format-standard","has-post-thumbnail","hentry","category-news-exhibitions","prodpage-classic"],"yoast_head":"<!-- This site is optimized with the Yoast SEO plugin v27.5 - https:\/\/yoast.com\/product\/yoast-seo-wordpress\/ -->\n<title>Un inizio stupendo per #Angeli in #Mostra, grazie alla partecipazione di tutti... - Associazione Giovane Europa<\/title>\n<meta name=\"robots\" content=\"index, follow, max-snippet:-1, max-image-preview:large, max-video-preview:-1\" \/>\n<link rel=\"canonical\" href=\"https:\/\/www.associazionegiovaneuropa.eu\/en\/un-inizio-stupendo-per-angeli-in-mostra-grazie-alla-partecipazione-di-tutti-2\/\" \/>\n<meta property=\"og:locale\" content=\"en_US\" \/>\n<meta property=\"og:type\" content=\"article\" \/>\n<meta property=\"og:title\" content=\"Un inizio stupendo per #Angeli in #Mostra, grazie alla partecipazione di tutti... - Associazione Giovane Europa\" \/>\n<meta property=\"og:description\" content=\"Un inizio stupendo per #Angeli in #Mostra, grazie alla partecipazione di tutti in particolar modo del Polo Museale Civico Giulianova, della Citt\u00e0 di Giulianova &#8211; Cultura e Turismo e della collezione Gianni Brandozzi. Ma \u00e8 solo l&#8217;inizio&#8230;la mostra \u00e8 visitabile fino al 7 gennaio 2018, per trascorrere questo #Natale2017 all&#8217;insegna del bello! Fonte\" \/>\n<meta property=\"og:url\" content=\"https:\/\/www.associazionegiovaneuropa.eu\/en\/un-inizio-stupendo-per-angeli-in-mostra-grazie-alla-partecipazione-di-tutti-2\/\" \/>\n<meta property=\"og:site_name\" content=\"Associazione Giovane Europa\" \/>\n<meta property=\"article:published_time\" content=\"2018-03-13T16:03:58+00:00\" \/>\n<meta property=\"og:image\" content=\"https:\/\/www.associazionegiovaneuropa.eu\/wp-content\/uploads\/2018\/03\/25395956_2048487265292717_1881845973475107496_n.jpg\" \/>\n\t<meta property=\"og:image:width\" content=\"640\" \/>\n\t<meta property=\"og:image:height\" content=\"427\" \/>\n\t<meta property=\"og:image:type\" content=\"image\/jpeg\" \/>\n<meta name=\"author\" content=\"Giovane Europa\" \/>\n<meta name=\"twitter:card\" content=\"summary_large_image\" \/>\n<meta name=\"twitter:label1\" content=\"Written by\" \/>\n\t<meta name=\"twitter:data1\" content=\"Giovane Europa\" \/>\n<script type=\"application\/ld+json\" class=\"yoast-schema-graph\">{\"@context\":\"https:\\\/\\\/schema.org\",\"@graph\":[{\"@type\":\"Article\",\"@id\":\"https:\\\/\\\/www.associazionegiovaneuropa.eu\\\/en\\\/un-inizio-stupendo-per-angeli-in-mostra-grazie-alla-partecipazione-di-tutti-2\\\/#article\",\"isPartOf\":{\"@id\":\"https:\\\/\\\/www.associazionegiovaneuropa.eu\\\/en\\\/un-inizio-stupendo-per-angeli-in-mostra-grazie-alla-partecipazione-di-tutti-2\\\/\"},\"author\":{\"name\":\"Giovane Europa\",\"@id\":\"https:\\\/\\\/www.associazionegiovaneuropa.eu\\\/en\\\/#\\\/schema\\\/person\\\/e18ca3750a69eae47067f5c8482ff4d7\"},\"headline\":\"Un inizio stupendo per #Angeli in #Mostra, grazie alla partecipazione di tutti&#8230;\",\"datePublished\":\"2018-03-13T16:03:58+00:00\",\"mainEntityOfPage\":{\"@id\":\"https:\\\/\\\/www.associazionegiovaneuropa.eu\\\/en\\\/un-inizio-stupendo-per-angeli-in-mostra-grazie-alla-partecipazione-di-tutti-2\\\/\"},\"wordCount\":66,\"publisher\":{\"@id\":\"https:\\\/\\\/www.associazionegiovaneuropa.eu\\\/en\\\/#organization\"},\"image\":{\"@id\":\"https:\\\/\\\/www.associazionegiovaneuropa.eu\\\/en\\\/un-inizio-stupendo-per-angeli-in-mostra-grazie-alla-partecipazione-di-tutti-2\\\/#primaryimage\"},\"thumbnailUrl\":\"https:\\\/\\\/www.associazionegiovaneuropa.eu\\\/wp-content\\\/uploads\\\/2018\\\/03\\\/25395956_2048487265292717_1881845973475107496_n.jpg\",\"articleSection\":[\"News Exhibitions\"],\"inLanguage\":\"en-US\"},{\"@type\":\"WebPage\",\"@id\":\"https:\\\/\\\/www.associazionegiovaneuropa.eu\\\/en\\\/un-inizio-stupendo-per-angeli-in-mostra-grazie-alla-partecipazione-di-tutti-2\\\/\",\"url\":\"https:\\\/\\\/www.associazionegiovaneuropa.eu\\\/en\\\/un-inizio-stupendo-per-angeli-in-mostra-grazie-alla-partecipazione-di-tutti-2\\\/\",\"name\":\"Un inizio stupendo per #Angeli in #Mostra, grazie alla partecipazione di tutti... - Associazione Giovane Europa\",\"isPartOf\":{\"@id\":\"https:\\\/\\\/www.associazionegiovaneuropa.eu\\\/en\\\/#website\"},\"primaryImageOfPage\":{\"@id\":\"https:\\\/\\\/www.associazionegiovaneuropa.eu\\\/en\\\/un-inizio-stupendo-per-angeli-in-mostra-grazie-alla-partecipazione-di-tutti-2\\\/#primaryimage\"},\"image\":{\"@id\":\"https:\\\/\\\/www.associazionegiovaneuropa.eu\\\/en\\\/un-inizio-stupendo-per-angeli-in-mostra-grazie-alla-partecipazione-di-tutti-2\\\/#primaryimage\"},\"thumbnailUrl\":\"https:\\\/\\\/www.associazionegiovaneuropa.eu\\\/wp-content\\\/uploads\\\/2018\\\/03\\\/25395956_2048487265292717_1881845973475107496_n.jpg\",\"datePublished\":\"2018-03-13T16:03:58+00:00\",\"breadcrumb\":{\"@id\":\"https:\\\/\\\/www.associazionegiovaneuropa.eu\\\/en\\\/un-inizio-stupendo-per-angeli-in-mostra-grazie-alla-partecipazione-di-tutti-2\\\/#breadcrumb\"},\"inLanguage\":\"en-US\",\"potentialAction\":[{\"@type\":\"ReadAction\",\"target\":[\"https:\\\/\\\/www.associazionegiovaneuropa.eu\\\/en\\\/un-inizio-stupendo-per-angeli-in-mostra-grazie-alla-partecipazione-di-tutti-2\\\/\"]}]},{\"@type\":\"ImageObject\",\"inLanguage\":\"en-US\",\"@id\":\"https:\\\/\\\/www.associazionegiovaneuropa.eu\\\/en\\\/un-inizio-stupendo-per-angeli-in-mostra-grazie-alla-partecipazione-di-tutti-2\\\/#primaryimage\",\"url\":\"https:\\\/\\\/www.associazionegiovaneuropa.eu\\\/wp-content\\\/uploads\\\/2018\\\/03\\\/25395956_2048487265292717_1881845973475107496_n.jpg\",\"contentUrl\":\"https:\\\/\\\/www.associazionegiovaneuropa.eu\\\/wp-content\\\/uploads\\\/2018\\\/03\\\/25395956_2048487265292717_1881845973475107496_n.jpg\",\"width\":640,\"height\":427},{\"@type\":\"BreadcrumbList\",\"@id\":\"https:\\\/\\\/www.associazionegiovaneuropa.eu\\\/en\\\/un-inizio-stupendo-per-angeli-in-mostra-grazie-alla-partecipazione-di-tutti-2\\\/#breadcrumb\",\"itemListElement\":[{\"@type\":\"ListItem\",\"position\":1,\"name\":\"Home\",\"item\":\"https:\\\/\\\/www.associazionegiovaneuropa.eu\\\/en\\\/\"},{\"@type\":\"ListItem\",\"position\":2,\"name\":\"Un inizio stupendo per #Angeli in #Mostra, grazie alla partecipazione di tutti&#8230;\"}]},{\"@type\":\"WebSite\",\"@id\":\"https:\\\/\\\/www.associazionegiovaneuropa.eu\\\/en\\\/#website\",\"url\":\"https:\\\/\\\/www.associazionegiovaneuropa.eu\\\/en\\\/\",\"name\":\"Associazione Giovane Europa\",\"description\":\"Exhibitions and Events Organization\",\"publisher\":{\"@id\":\"https:\\\/\\\/www.associazionegiovaneuropa.eu\\\/en\\\/#organization\"},\"potentialAction\":[{\"@type\":\"SearchAction\",\"target\":{\"@type\":\"EntryPoint\",\"urlTemplate\":\"https:\\\/\\\/www.associazionegiovaneuropa.eu\\\/en\\\/?s={search_term_string}\"},\"query-input\":{\"@type\":\"PropertyValueSpecification\",\"valueRequired\":true,\"valueName\":\"search_term_string\"}}],\"inLanguage\":\"en-US\"},{\"@type\":\"Organization\",\"@id\":\"https:\\\/\\\/www.associazionegiovaneuropa.eu\\\/en\\\/#organization\",\"name\":\"Associazione Giovane Europa\",\"url\":\"https:\\\/\\\/www.associazionegiovaneuropa.eu\\\/en\\\/\",\"logo\":{\"@type\":\"ImageObject\",\"inLanguage\":\"en-US\",\"@id\":\"https:\\\/\\\/www.associazionegiovaneuropa.eu\\\/en\\\/#\\\/schema\\\/logo\\\/image\\\/\",\"url\":\"https:\\\/\\\/www.associazionegiovaneuropa.eu\\\/wp-content\\\/uploads\\\/2016\\\/10\\\/logo_associazione_giovane_europa.png\",\"contentUrl\":\"https:\\\/\\\/www.associazionegiovaneuropa.eu\\\/wp-content\\\/uploads\\\/2016\\\/10\\\/logo_associazione_giovane_europa.png\",\"width\":300,\"height\":110,\"caption\":\"Associazione Giovane Europa\"},\"image\":{\"@id\":\"https:\\\/\\\/www.associazionegiovaneuropa.eu\\\/en\\\/#\\\/schema\\\/logo\\\/image\\\/\"}},{\"@type\":\"Person\",\"@id\":\"https:\\\/\\\/www.associazionegiovaneuropa.eu\\\/en\\\/#\\\/schema\\\/person\\\/e18ca3750a69eae47067f5c8482ff4d7\",\"name\":\"Giovane Europa\",\"image\":{\"@type\":\"ImageObject\",\"inLanguage\":\"en-US\",\"@id\":\"https:\\\/\\\/secure.gravatar.com\\\/avatar\\\/786c4f3c38389c6e95a0775e94447b39153d0f2d0d263236462eb98cb3554084?s=96&d=mm&r=g\",\"url\":\"https:\\\/\\\/secure.gravatar.com\\\/avatar\\\/786c4f3c38389c6e95a0775e94447b39153d0f2d0d263236462eb98cb3554084?s=96&d=mm&r=g\",\"contentUrl\":\"https:\\\/\\\/secure.gravatar.com\\\/avatar\\\/786c4f3c38389c6e95a0775e94447b39153d0f2d0d263236462eb98cb3554084?s=96&d=mm&r=g\",\"caption\":\"Giovane Europa\"},\"sameAs\":[\"http:\\\/\\\/Europa\"],\"url\":\"https:\\\/\\\/www.associazionegiovaneuropa.eu\\\/en\\\/author\\\/giovaneeuropa\\\/\"}]}<\/script>\n<!-- \/ Yoast SEO plugin. -->","yoast_head_json":{"title":"Un inizio stupendo per #Angeli in #Mostra, grazie alla partecipazione di tutti... - Associazione Giovane Europa","robots":{"index":"index","follow":"follow","max-snippet":"max-snippet:-1","max-image-preview":"max-image-preview:large","max-video-preview":"max-video-preview:-1"},"canonical":"https:\/\/www.associazionegiovaneuropa.eu\/en\/un-inizio-stupendo-per-angeli-in-mostra-grazie-alla-partecipazione-di-tutti-2\/","og_locale":"en_US","og_type":"article","og_title":"Un inizio stupendo per #Angeli in #Mostra, grazie alla partecipazione di tutti... - Associazione Giovane Europa","og_description":"Un inizio stupendo per #Angeli in #Mostra, grazie alla partecipazione di tutti in particolar modo del Polo Museale Civico Giulianova, della Citt\u00e0 di Giulianova &#8211; Cultura e Turismo e della collezione Gianni Brandozzi. Ma \u00e8 solo l&#8217;inizio&#8230;la mostra \u00e8 visitabile fino al 7 gennaio 2018, per trascorrere questo #Natale2017 all&#8217;insegna del bello! Fonte","og_url":"https:\/\/www.associazionegiovaneuropa.eu\/en\/un-inizio-stupendo-per-angeli-in-mostra-grazie-alla-partecipazione-di-tutti-2\/","og_site_name":"Associazione Giovane Europa","article_published_time":"2018-03-13T16:03:58+00:00","og_image":[{"width":640,"height":427,"url":"https:\/\/www.associazionegiovaneuropa.eu\/wp-content\/uploads\/2018\/03\/25395956_2048487265292717_1881845973475107496_n.jpg","type":"image\/jpeg"}],"author":"Giovane Europa","twitter_card":"summary_large_image","twitter_misc":{"Written by":"Giovane Europa"},"schema":{"@context":"https:\/\/schema.org","@graph":[{"@type":"Article","@id":"https:\/\/www.associazionegiovaneuropa.eu\/en\/un-inizio-stupendo-per-angeli-in-mostra-grazie-alla-partecipazione-di-tutti-2\/#article","isPartOf":{"@id":"https:\/\/www.associazionegiovaneuropa.eu\/en\/un-inizio-stupendo-per-angeli-in-mostra-grazie-alla-partecipazione-di-tutti-2\/"},"author":{"name":"Giovane Europa","@id":"https:\/\/www.associazionegiovaneuropa.eu\/en\/#\/schema\/person\/e18ca3750a69eae47067f5c8482ff4d7"},"headline":"Un inizio stupendo per #Angeli in #Mostra, grazie alla partecipazione di tutti&#8230;","datePublished":"2018-03-13T16:03:58+00:00","mainEntityOfPage":{"@id":"https:\/\/www.associazionegiovaneuropa.eu\/en\/un-inizio-stupendo-per-angeli-in-mostra-grazie-alla-partecipazione-di-tutti-2\/"},"wordCount":66,"publisher":{"@id":"https:\/\/www.associazionegiovaneuropa.eu\/en\/#organization"},"image":{"@id":"https:\/\/www.associazionegiovaneuropa.eu\/en\/un-inizio-stupendo-per-angeli-in-mostra-grazie-alla-partecipazione-di-tutti-2\/#primaryimage"},"thumbnailUrl":"https:\/\/www.associazionegiovaneuropa.eu\/wp-content\/uploads\/2018\/03\/25395956_2048487265292717_1881845973475107496_n.jpg","articleSection":["News Exhibitions"],"inLanguage":"en-US"},{"@type":"WebPage","@id":"https:\/\/www.associazionegiovaneuropa.eu\/en\/un-inizio-stupendo-per-angeli-in-mostra-grazie-alla-partecipazione-di-tutti-2\/","url":"https:\/\/www.associazionegiovaneuropa.eu\/en\/un-inizio-stupendo-per-angeli-in-mostra-grazie-alla-partecipazione-di-tutti-2\/","name":"Un inizio stupendo per #Angeli in #Mostra, grazie alla partecipazione di tutti... - Associazione Giovane Europa","isPartOf":{"@id":"https:\/\/www.associazionegiovaneuropa.eu\/en\/#website"},"primaryImageOfPage":{"@id":"https:\/\/www.associazionegiovaneuropa.eu\/en\/un-inizio-stupendo-per-angeli-in-mostra-grazie-alla-partecipazione-di-tutti-2\/#primaryimage"},"image":{"@id":"https:\/\/www.associazionegiovaneuropa.eu\/en\/un-inizio-stupendo-per-angeli-in-mostra-grazie-alla-partecipazione-di-tutti-2\/#primaryimage"},"thumbnailUrl":"https:\/\/www.associazionegiovaneuropa.eu\/wp-content\/uploads\/2018\/03\/25395956_2048487265292717_1881845973475107496_n.jpg","datePublished":"2018-03-13T16:03:58+00:00","breadcrumb":{"@id":"https:\/\/www.associazionegiovaneuropa.eu\/en\/un-inizio-stupendo-per-angeli-in-mostra-grazie-alla-partecipazione-di-tutti-2\/#breadcrumb"},"inLanguage":"en-US","potentialAction":[{"@type":"ReadAction","target":["https:\/\/www.associazionegiovaneuropa.eu\/en\/un-inizio-stupendo-per-angeli-in-mostra-grazie-alla-partecipazione-di-tutti-2\/"]}]},{"@type":"ImageObject","inLanguage":"en-US","@id":"https:\/\/www.associazionegiovaneuropa.eu\/en\/un-inizio-stupendo-per-angeli-in-mostra-grazie-alla-partecipazione-di-tutti-2\/#primaryimage","url":"https:\/\/www.associazionegiovaneuropa.eu\/wp-content\/uploads\/2018\/03\/25395956_2048487265292717_1881845973475107496_n.jpg","contentUrl":"https:\/\/www.associazionegiovaneuropa.eu\/wp-content\/uploads\/2018\/03\/25395956_2048487265292717_1881845973475107496_n.jpg","width":640,"height":427},{"@type":"BreadcrumbList","@id":"https:\/\/www.associazionegiovaneuropa.eu\/en\/un-inizio-stupendo-per-angeli-in-mostra-grazie-alla-partecipazione-di-tutti-2\/#breadcrumb","itemListElement":[{"@type":"ListItem","position":1,"name":"Home","item":"https:\/\/www.associazionegiovaneuropa.eu\/en\/"},{"@type":"ListItem","position":2,"name":"Un inizio stupendo per #Angeli in #Mostra, grazie alla partecipazione di tutti&#8230;"}]},{"@type":"WebSite","@id":"https:\/\/www.associazionegiovaneuropa.eu\/en\/#website","url":"https:\/\/www.associazionegiovaneuropa.eu\/en\/","name":"Associazione Giovane Europa","description":"Exhibitions and Events Organization","publisher":{"@id":"https:\/\/www.associazionegiovaneuropa.eu\/en\/#organization"},"potentialAction":[{"@type":"SearchAction","target":{"@type":"EntryPoint","urlTemplate":"https:\/\/www.associazionegiovaneuropa.eu\/en\/?s={search_term_string}"},"query-input":{"@type":"PropertyValueSpecification","valueRequired":true,"valueName":"search_term_string"}}],"inLanguage":"en-US"},{"@type":"Organization","@id":"https:\/\/www.associazionegiovaneuropa.eu\/en\/#organization","name":"Associazione Giovane Europa","url":"https:\/\/www.associazionegiovaneuropa.eu\/en\/","logo":{"@type":"ImageObject","inLanguage":"en-US","@id":"https:\/\/www.associazionegiovaneuropa.eu\/en\/#\/schema\/logo\/image\/","url":"https:\/\/www.associazionegiovaneuropa.eu\/wp-content\/uploads\/2016\/10\/logo_associazione_giovane_europa.png","contentUrl":"https:\/\/www.associazionegiovaneuropa.eu\/wp-content\/uploads\/2016\/10\/logo_associazione_giovane_europa.png","width":300,"height":110,"caption":"Associazione Giovane Europa"},"image":{"@id":"https:\/\/www.associazionegiovaneuropa.eu\/en\/#\/schema\/logo\/image\/"}},{"@type":"Person","@id":"https:\/\/www.associazionegiovaneuropa.eu\/en\/#\/schema\/person\/e18ca3750a69eae47067f5c8482ff4d7","name":"Giovane Europa","image":{"@type":"ImageObject","inLanguage":"en-US","@id":"https:\/\/secure.gravatar.com\/avatar\/786c4f3c38389c6e95a0775e94447b39153d0f2d0d263236462eb98cb3554084?s=96&d=mm&r=g","url":"https:\/\/secure.gravatar.com\/avatar\/786c4f3c38389c6e95a0775e94447b39153d0f2d0d263236462eb98cb3554084?s=96&d=mm&r=g","contentUrl":"https:\/\/secure.gravatar.com\/avatar\/786c4f3c38389c6e95a0775e94447b39153d0f2d0d263236462eb98cb3554084?s=96&d=mm&r=g","caption":"Giovane Europa"},"sameAs":["http:\/\/Europa"],"url":"https:\/\/www.associazionegiovaneuropa.eu\/en\/author\/giovaneeuropa\/"}]}},"_links":{"self":[{"href":"https:\/\/www.associazionegiovaneuropa.eu\/en\/wp-json\/wp\/v2\/posts\/3181","targetHints":{"allow":["GET"]}}],"collection":[{"href":"https:\/\/www.associazionegiovaneuropa.eu\/en\/wp-json\/wp\/v2\/posts"}],"about":[{"href":"https:\/\/www.associazionegiovaneuropa.eu\/en\/wp-json\/wp\/v2\/types\/post"}],"author":[{"embeddable":true,"href":"https:\/\/www.associazionegiovaneuropa.eu\/en\/wp-json\/wp\/v2\/users\/3"}],"replies":[{"embeddable":true,"href":"https:\/\/www.associazionegiovaneuropa.eu\/en\/wp-json\/wp\/v2\/comments?post=3181"}],"version-history":[{"count":0,"href":"https:\/\/www.associazionegiovaneuropa.eu\/en\/wp-json\/wp\/v2\/posts\/3181\/revisions"}],"wp:featuredmedia":[{"embeddable":true,"href":"https:\/\/www.associazionegiovaneuropa.eu\/en\/wp-json\/wp\/v2\/media\/3182"}],"wp:attachment":[{"href":"https:\/\/www.associazionegiovaneuropa.eu\/en\/wp-json\/wp\/v2\/media?parent=3181"}],"wp:term":[{"taxonomy":"category","embeddable":true,"href":"https:\/\/www.associazionegiovaneuropa.eu\/en\/wp-json\/wp\/v2\/categories?post=3181"},{"taxonomy":"post_tag","embeddable":true,"href":"https:\/\/www.associazionegiovaneuropa.eu\/en\/wp-json\/wp\/v2\/tags?post=3181"}],"curies":[{"name":"wp","href":"https:\/\/api.w.org\/{rel}","templated":true}]}}