{"id":3240,"date":"2018-03-16T06:38:57","date_gmt":"2018-03-16T05:38:57","guid":{"rendered":"https:\/\/www.associazionegiovaneuropa.eu\/riportiamo-parte-dellarticolo-del-giornalista-giorgio-mancinelli-nel-sito-www-l\/"},"modified":"2018-03-16T06:38:57","modified_gmt":"2018-03-16T05:38:57","slug":"riportiamo-parte-dellarticolo-del-giornalista-giorgio-mancinelli-nel-sito-www-l","status":"publish","type":"post","link":"https:\/\/www.associazionegiovaneuropa.eu\/en\/riportiamo-parte-dellarticolo-del-giornalista-giorgio-mancinelli-nel-sito-www-l\/","title":{"rendered":"Riportiamo parte dell&#8217;articolo del giornalista Giorgio Mancinelli nel sito www.l&#8230;"},"content":{"rendered":"\nRiportiamo parte dell&#8217;articolo del giornalista Giorgio Mancinelli nel sito www.larecherche.it che racconta la sua visita alla Mostra  <a href=\"https:\/\/www.facebook.com\/hashtag\/UomoinMare\">#UomoinMare<\/a> con un&#8217;interpretazione puntuale e romantica.<\/p>\n<p>Ed eccolo il Mare, attraverso i silenzi assordanti di una Mostra dedicata a \u201cUomo in Mare\u201d (Organizzazione Giovane Europa) inaugurata a San Benedetto del Tronto \u2013 Palazzina Azzurra dal 16 Luglio al 22 Ottobre 2017. Sono andato a visitarla per quanti amano questa striscia di terra sommersa, le Marche, dove \u00e8 raccolta la migliore tradizione portuale della pesca, con le sue \u2018lancette\u2019 dalle vele dipinte che ancora, anni addietro, solcavano l\u2019azzurro Adriatico. \u201cL\u2019iniziativa culturale sanbenedettese ha visto l\u2019integrarsi di soggetti fra pubblici e privati convenuti per questo allestimento, riconoscendolo come fondamentale per una lettura alta della propria cultura e della contemporaneit\u00e0\u201d. La Mostra ha inevitabilmente richiesto un lavoro di ricerca meticoloso sul territorio di opere \u2018dedicate\u2019, di alcuni dei pi\u00f9 grandi maestri del XXsec. e di ospitare artisti contemporanei di fama nazionale e internazionale come Carr\u00e0, De Chirico, De Pisis, Warhol, Depero, Giacometti, Pazienza, Pericoli, Procopio, Ch\u00e2telain, ed altri. Il risultato \u00e8 un allestimento godibile che permette di navigare il tema del Mare attraveso molteplici aspetti che prendono spunto dal rapporto dell\u2019uomo col mare, dalle suggestioni e riflessioni che esso evoca. Un viaggio imperdibile per quanti avranno l\u2019opportunit\u00e0 di immergersi nella suggestiva atmosfera di questo:<br \/>\n\u201c\u2026 mare nostrum\u201d (GioMa) [&#8230;]\n<p><a href=\"https:\/\/www.facebook.com\/giovane.europa\/photos\/a.1424421317699318.1073741828.1424390924369024\/2015576425250468\/?type=3\"><\/a><br \/>\n\n<br \/><a href=\"https:\/\/www.facebook.com\/1424390924369024\/posts\/2015576525250458?rand=3140\">Fonte<\/a>  <\/p>\n","protected":false},"excerpt":{"rendered":"<p>Riportiamo parte dell&#8217;articolo del giornalista Giorgio Mancinelli nel sito www.larecherche.it che racconta la sua visita alla Mostra #UomoinMare con un&#8217;interpretazione puntuale e romantica. Ed eccolo il Mare, attraverso i silenzi assordanti di una Mostra dedicata a \u201cUomo in Mare\u201d (Organizzazione Giovane Europa) inaugurata a San Benedetto del Tronto \u2013 Palazzina Azzurra dal 16 Luglio al<\/p>\n","protected":false},"author":3,"featured_media":3241,"comment_status":"closed","ping_status":"open","sticky":false,"template":"","format":"standard","meta":{"footnotes":""},"categories":[49],"tags":[],"class_list":["post-3240","post","type-post","status-publish","format-standard","has-post-thumbnail","hentry","category-news-exhibitions","prodpage-classic"],"yoast_head":"<!-- This site is optimized with the Yoast SEO plugin v27.5 - https:\/\/yoast.com\/product\/yoast-seo-wordpress\/ -->\n<title>Riportiamo parte dell&#039;articolo del giornalista Giorgio Mancinelli nel sito www.l... - Associazione Giovane Europa<\/title>\n<meta name=\"robots\" content=\"index, follow, max-snippet:-1, max-image-preview:large, max-video-preview:-1\" \/>\n<link rel=\"canonical\" href=\"https:\/\/www.associazionegiovaneuropa.eu\/en\/riportiamo-parte-dellarticolo-del-giornalista-giorgio-mancinelli-nel-sito-www-l\/\" \/>\n<meta property=\"og:locale\" content=\"en_US\" \/>\n<meta property=\"og:type\" content=\"article\" \/>\n<meta property=\"og:title\" content=\"Riportiamo parte dell&#039;articolo del giornalista Giorgio Mancinelli nel sito www.l... - Associazione Giovane Europa\" \/>\n<meta property=\"og:description\" content=\"Riportiamo parte dell&#8217;articolo del giornalista Giorgio Mancinelli nel sito www.larecherche.it che racconta la sua visita alla Mostra #UomoinMare con un&#8217;interpretazione puntuale e romantica. Ed eccolo il Mare, attraverso i silenzi assordanti di una Mostra dedicata a \u201cUomo in Mare\u201d (Organizzazione Giovane Europa) inaugurata a San Benedetto del Tronto \u2013 Palazzina Azzurra dal 16 Luglio al\" \/>\n<meta property=\"og:url\" content=\"https:\/\/www.associazionegiovaneuropa.eu\/en\/riportiamo-parte-dellarticolo-del-giornalista-giorgio-mancinelli-nel-sito-www-l\/\" \/>\n<meta property=\"og:site_name\" content=\"Associazione Giovane Europa\" \/>\n<meta property=\"article:published_time\" content=\"2018-03-16T05:38:57+00:00\" \/>\n<meta property=\"og:image\" content=\"https:\/\/www.associazionegiovaneuropa.eu\/wp-content\/uploads\/2018\/03\/22467631_2015576425250468_2423787943299620729_o.jpg\" \/>\n\t<meta property=\"og:image:width\" content=\"720\" \/>\n\t<meta property=\"og:image:height\" content=\"479\" \/>\n\t<meta property=\"og:image:type\" content=\"image\/jpeg\" \/>\n<meta name=\"author\" content=\"Giovane Europa\" \/>\n<meta name=\"twitter:card\" content=\"summary_large_image\" \/>\n<meta name=\"twitter:label1\" content=\"Written by\" \/>\n\t<meta name=\"twitter:data1\" content=\"Giovane Europa\" \/>\n\t<meta name=\"twitter:label2\" content=\"Est. reading time\" \/>\n\t<meta name=\"twitter:data2\" content=\"1 minute\" \/>\n<script type=\"application\/ld+json\" class=\"yoast-schema-graph\">{\"@context\":\"https:\\\/\\\/schema.org\",\"@graph\":[{\"@type\":\"Article\",\"@id\":\"https:\\\/\\\/www.associazionegiovaneuropa.eu\\\/en\\\/riportiamo-parte-dellarticolo-del-giornalista-giorgio-mancinelli-nel-sito-www-l\\\/#article\",\"isPartOf\":{\"@id\":\"https:\\\/\\\/www.associazionegiovaneuropa.eu\\\/en\\\/riportiamo-parte-dellarticolo-del-giornalista-giorgio-mancinelli-nel-sito-www-l\\\/\"},\"author\":{\"name\":\"Giovane Europa\",\"@id\":\"https:\\\/\\\/www.associazionegiovaneuropa.eu\\\/en\\\/#\\\/schema\\\/person\\\/e18ca3750a69eae47067f5c8482ff4d7\"},\"headline\":\"Riportiamo parte dell&#8217;articolo del giornalista Giorgio Mancinelli nel sito www.l&#8230;\",\"datePublished\":\"2018-03-16T05:38:57+00:00\",\"mainEntityOfPage\":{\"@id\":\"https:\\\/\\\/www.associazionegiovaneuropa.eu\\\/en\\\/riportiamo-parte-dellarticolo-del-giornalista-giorgio-mancinelli-nel-sito-www-l\\\/\"},\"wordCount\":240,\"publisher\":{\"@id\":\"https:\\\/\\\/www.associazionegiovaneuropa.eu\\\/en\\\/#organization\"},\"image\":{\"@id\":\"https:\\\/\\\/www.associazionegiovaneuropa.eu\\\/en\\\/riportiamo-parte-dellarticolo-del-giornalista-giorgio-mancinelli-nel-sito-www-l\\\/#primaryimage\"},\"thumbnailUrl\":\"https:\\\/\\\/www.associazionegiovaneuropa.eu\\\/wp-content\\\/uploads\\\/2018\\\/03\\\/22467631_2015576425250468_2423787943299620729_o.jpg\",\"articleSection\":[\"News Exhibitions\"],\"inLanguage\":\"en-US\"},{\"@type\":\"WebPage\",\"@id\":\"https:\\\/\\\/www.associazionegiovaneuropa.eu\\\/en\\\/riportiamo-parte-dellarticolo-del-giornalista-giorgio-mancinelli-nel-sito-www-l\\\/\",\"url\":\"https:\\\/\\\/www.associazionegiovaneuropa.eu\\\/en\\\/riportiamo-parte-dellarticolo-del-giornalista-giorgio-mancinelli-nel-sito-www-l\\\/\",\"name\":\"Riportiamo parte dell'articolo del giornalista Giorgio Mancinelli nel sito www.l... - Associazione Giovane Europa\",\"isPartOf\":{\"@id\":\"https:\\\/\\\/www.associazionegiovaneuropa.eu\\\/en\\\/#website\"},\"primaryImageOfPage\":{\"@id\":\"https:\\\/\\\/www.associazionegiovaneuropa.eu\\\/en\\\/riportiamo-parte-dellarticolo-del-giornalista-giorgio-mancinelli-nel-sito-www-l\\\/#primaryimage\"},\"image\":{\"@id\":\"https:\\\/\\\/www.associazionegiovaneuropa.eu\\\/en\\\/riportiamo-parte-dellarticolo-del-giornalista-giorgio-mancinelli-nel-sito-www-l\\\/#primaryimage\"},\"thumbnailUrl\":\"https:\\\/\\\/www.associazionegiovaneuropa.eu\\\/wp-content\\\/uploads\\\/2018\\\/03\\\/22467631_2015576425250468_2423787943299620729_o.jpg\",\"datePublished\":\"2018-03-16T05:38:57+00:00\",\"breadcrumb\":{\"@id\":\"https:\\\/\\\/www.associazionegiovaneuropa.eu\\\/en\\\/riportiamo-parte-dellarticolo-del-giornalista-giorgio-mancinelli-nel-sito-www-l\\\/#breadcrumb\"},\"inLanguage\":\"en-US\",\"potentialAction\":[{\"@type\":\"ReadAction\",\"target\":[\"https:\\\/\\\/www.associazionegiovaneuropa.eu\\\/en\\\/riportiamo-parte-dellarticolo-del-giornalista-giorgio-mancinelli-nel-sito-www-l\\\/\"]}]},{\"@type\":\"ImageObject\",\"inLanguage\":\"en-US\",\"@id\":\"https:\\\/\\\/www.associazionegiovaneuropa.eu\\\/en\\\/riportiamo-parte-dellarticolo-del-giornalista-giorgio-mancinelli-nel-sito-www-l\\\/#primaryimage\",\"url\":\"https:\\\/\\\/www.associazionegiovaneuropa.eu\\\/wp-content\\\/uploads\\\/2018\\\/03\\\/22467631_2015576425250468_2423787943299620729_o.jpg\",\"contentUrl\":\"https:\\\/\\\/www.associazionegiovaneuropa.eu\\\/wp-content\\\/uploads\\\/2018\\\/03\\\/22467631_2015576425250468_2423787943299620729_o.jpg\",\"width\":720,\"height\":479},{\"@type\":\"BreadcrumbList\",\"@id\":\"https:\\\/\\\/www.associazionegiovaneuropa.eu\\\/en\\\/riportiamo-parte-dellarticolo-del-giornalista-giorgio-mancinelli-nel-sito-www-l\\\/#breadcrumb\",\"itemListElement\":[{\"@type\":\"ListItem\",\"position\":1,\"name\":\"Home\",\"item\":\"https:\\\/\\\/www.associazionegiovaneuropa.eu\\\/en\\\/\"},{\"@type\":\"ListItem\",\"position\":2,\"name\":\"Riportiamo parte dell&#8217;articolo del giornalista Giorgio Mancinelli nel sito www.l&#8230;\"}]},{\"@type\":\"WebSite\",\"@id\":\"https:\\\/\\\/www.associazionegiovaneuropa.eu\\\/en\\\/#website\",\"url\":\"https:\\\/\\\/www.associazionegiovaneuropa.eu\\\/en\\\/\",\"name\":\"Associazione Giovane Europa\",\"description\":\"Exhibitions and Events Organization\",\"publisher\":{\"@id\":\"https:\\\/\\\/www.associazionegiovaneuropa.eu\\\/en\\\/#organization\"},\"potentialAction\":[{\"@type\":\"SearchAction\",\"target\":{\"@type\":\"EntryPoint\",\"urlTemplate\":\"https:\\\/\\\/www.associazionegiovaneuropa.eu\\\/en\\\/?s={search_term_string}\"},\"query-input\":{\"@type\":\"PropertyValueSpecification\",\"valueRequired\":true,\"valueName\":\"search_term_string\"}}],\"inLanguage\":\"en-US\"},{\"@type\":\"Organization\",\"@id\":\"https:\\\/\\\/www.associazionegiovaneuropa.eu\\\/en\\\/#organization\",\"name\":\"Associazione Giovane Europa\",\"url\":\"https:\\\/\\\/www.associazionegiovaneuropa.eu\\\/en\\\/\",\"logo\":{\"@type\":\"ImageObject\",\"inLanguage\":\"en-US\",\"@id\":\"https:\\\/\\\/www.associazionegiovaneuropa.eu\\\/en\\\/#\\\/schema\\\/logo\\\/image\\\/\",\"url\":\"https:\\\/\\\/www.associazionegiovaneuropa.eu\\\/wp-content\\\/uploads\\\/2016\\\/10\\\/logo_associazione_giovane_europa.png\",\"contentUrl\":\"https:\\\/\\\/www.associazionegiovaneuropa.eu\\\/wp-content\\\/uploads\\\/2016\\\/10\\\/logo_associazione_giovane_europa.png\",\"width\":300,\"height\":110,\"caption\":\"Associazione Giovane Europa\"},\"image\":{\"@id\":\"https:\\\/\\\/www.associazionegiovaneuropa.eu\\\/en\\\/#\\\/schema\\\/logo\\\/image\\\/\"}},{\"@type\":\"Person\",\"@id\":\"https:\\\/\\\/www.associazionegiovaneuropa.eu\\\/en\\\/#\\\/schema\\\/person\\\/e18ca3750a69eae47067f5c8482ff4d7\",\"name\":\"Giovane Europa\",\"image\":{\"@type\":\"ImageObject\",\"inLanguage\":\"en-US\",\"@id\":\"https:\\\/\\\/secure.gravatar.com\\\/avatar\\\/786c4f3c38389c6e95a0775e94447b39153d0f2d0d263236462eb98cb3554084?s=96&d=mm&r=g\",\"url\":\"https:\\\/\\\/secure.gravatar.com\\\/avatar\\\/786c4f3c38389c6e95a0775e94447b39153d0f2d0d263236462eb98cb3554084?s=96&d=mm&r=g\",\"contentUrl\":\"https:\\\/\\\/secure.gravatar.com\\\/avatar\\\/786c4f3c38389c6e95a0775e94447b39153d0f2d0d263236462eb98cb3554084?s=96&d=mm&r=g\",\"caption\":\"Giovane Europa\"},\"sameAs\":[\"http:\\\/\\\/Europa\"],\"url\":\"https:\\\/\\\/www.associazionegiovaneuropa.eu\\\/en\\\/author\\\/giovaneeuropa\\\/\"}]}<\/script>\n<!-- \/ Yoast SEO plugin. -->","yoast_head_json":{"title":"Riportiamo parte dell'articolo del giornalista Giorgio Mancinelli nel sito www.l... - Associazione Giovane Europa","robots":{"index":"index","follow":"follow","max-snippet":"max-snippet:-1","max-image-preview":"max-image-preview:large","max-video-preview":"max-video-preview:-1"},"canonical":"https:\/\/www.associazionegiovaneuropa.eu\/en\/riportiamo-parte-dellarticolo-del-giornalista-giorgio-mancinelli-nel-sito-www-l\/","og_locale":"en_US","og_type":"article","og_title":"Riportiamo parte dell'articolo del giornalista Giorgio Mancinelli nel sito www.l... - Associazione Giovane Europa","og_description":"Riportiamo parte dell&#8217;articolo del giornalista Giorgio Mancinelli nel sito www.larecherche.it che racconta la sua visita alla Mostra #UomoinMare con un&#8217;interpretazione puntuale e romantica. Ed eccolo il Mare, attraverso i silenzi assordanti di una Mostra dedicata a \u201cUomo in Mare\u201d (Organizzazione Giovane Europa) inaugurata a San Benedetto del Tronto \u2013 Palazzina Azzurra dal 16 Luglio al","og_url":"https:\/\/www.associazionegiovaneuropa.eu\/en\/riportiamo-parte-dellarticolo-del-giornalista-giorgio-mancinelli-nel-sito-www-l\/","og_site_name":"Associazione Giovane Europa","article_published_time":"2018-03-16T05:38:57+00:00","og_image":[{"width":720,"height":479,"url":"https:\/\/www.associazionegiovaneuropa.eu\/wp-content\/uploads\/2018\/03\/22467631_2015576425250468_2423787943299620729_o.jpg","type":"image\/jpeg"}],"author":"Giovane Europa","twitter_card":"summary_large_image","twitter_misc":{"Written by":"Giovane Europa","Est. reading time":"1 minute"},"schema":{"@context":"https:\/\/schema.org","@graph":[{"@type":"Article","@id":"https:\/\/www.associazionegiovaneuropa.eu\/en\/riportiamo-parte-dellarticolo-del-giornalista-giorgio-mancinelli-nel-sito-www-l\/#article","isPartOf":{"@id":"https:\/\/www.associazionegiovaneuropa.eu\/en\/riportiamo-parte-dellarticolo-del-giornalista-giorgio-mancinelli-nel-sito-www-l\/"},"author":{"name":"Giovane Europa","@id":"https:\/\/www.associazionegiovaneuropa.eu\/en\/#\/schema\/person\/e18ca3750a69eae47067f5c8482ff4d7"},"headline":"Riportiamo parte dell&#8217;articolo del giornalista Giorgio Mancinelli nel sito www.l&#8230;","datePublished":"2018-03-16T05:38:57+00:00","mainEntityOfPage":{"@id":"https:\/\/www.associazionegiovaneuropa.eu\/en\/riportiamo-parte-dellarticolo-del-giornalista-giorgio-mancinelli-nel-sito-www-l\/"},"wordCount":240,"publisher":{"@id":"https:\/\/www.associazionegiovaneuropa.eu\/en\/#organization"},"image":{"@id":"https:\/\/www.associazionegiovaneuropa.eu\/en\/riportiamo-parte-dellarticolo-del-giornalista-giorgio-mancinelli-nel-sito-www-l\/#primaryimage"},"thumbnailUrl":"https:\/\/www.associazionegiovaneuropa.eu\/wp-content\/uploads\/2018\/03\/22467631_2015576425250468_2423787943299620729_o.jpg","articleSection":["News Exhibitions"],"inLanguage":"en-US"},{"@type":"WebPage","@id":"https:\/\/www.associazionegiovaneuropa.eu\/en\/riportiamo-parte-dellarticolo-del-giornalista-giorgio-mancinelli-nel-sito-www-l\/","url":"https:\/\/www.associazionegiovaneuropa.eu\/en\/riportiamo-parte-dellarticolo-del-giornalista-giorgio-mancinelli-nel-sito-www-l\/","name":"Riportiamo parte dell'articolo del giornalista Giorgio Mancinelli nel sito www.l... - Associazione Giovane Europa","isPartOf":{"@id":"https:\/\/www.associazionegiovaneuropa.eu\/en\/#website"},"primaryImageOfPage":{"@id":"https:\/\/www.associazionegiovaneuropa.eu\/en\/riportiamo-parte-dellarticolo-del-giornalista-giorgio-mancinelli-nel-sito-www-l\/#primaryimage"},"image":{"@id":"https:\/\/www.associazionegiovaneuropa.eu\/en\/riportiamo-parte-dellarticolo-del-giornalista-giorgio-mancinelli-nel-sito-www-l\/#primaryimage"},"thumbnailUrl":"https:\/\/www.associazionegiovaneuropa.eu\/wp-content\/uploads\/2018\/03\/22467631_2015576425250468_2423787943299620729_o.jpg","datePublished":"2018-03-16T05:38:57+00:00","breadcrumb":{"@id":"https:\/\/www.associazionegiovaneuropa.eu\/en\/riportiamo-parte-dellarticolo-del-giornalista-giorgio-mancinelli-nel-sito-www-l\/#breadcrumb"},"inLanguage":"en-US","potentialAction":[{"@type":"ReadAction","target":["https:\/\/www.associazionegiovaneuropa.eu\/en\/riportiamo-parte-dellarticolo-del-giornalista-giorgio-mancinelli-nel-sito-www-l\/"]}]},{"@type":"ImageObject","inLanguage":"en-US","@id":"https:\/\/www.associazionegiovaneuropa.eu\/en\/riportiamo-parte-dellarticolo-del-giornalista-giorgio-mancinelli-nel-sito-www-l\/#primaryimage","url":"https:\/\/www.associazionegiovaneuropa.eu\/wp-content\/uploads\/2018\/03\/22467631_2015576425250468_2423787943299620729_o.jpg","contentUrl":"https:\/\/www.associazionegiovaneuropa.eu\/wp-content\/uploads\/2018\/03\/22467631_2015576425250468_2423787943299620729_o.jpg","width":720,"height":479},{"@type":"BreadcrumbList","@id":"https:\/\/www.associazionegiovaneuropa.eu\/en\/riportiamo-parte-dellarticolo-del-giornalista-giorgio-mancinelli-nel-sito-www-l\/#breadcrumb","itemListElement":[{"@type":"ListItem","position":1,"name":"Home","item":"https:\/\/www.associazionegiovaneuropa.eu\/en\/"},{"@type":"ListItem","position":2,"name":"Riportiamo parte dell&#8217;articolo del giornalista Giorgio Mancinelli nel sito www.l&#8230;"}]},{"@type":"WebSite","@id":"https:\/\/www.associazionegiovaneuropa.eu\/en\/#website","url":"https:\/\/www.associazionegiovaneuropa.eu\/en\/","name":"Associazione Giovane Europa","description":"Exhibitions and Events Organization","publisher":{"@id":"https:\/\/www.associazionegiovaneuropa.eu\/en\/#organization"},"potentialAction":[{"@type":"SearchAction","target":{"@type":"EntryPoint","urlTemplate":"https:\/\/www.associazionegiovaneuropa.eu\/en\/?s={search_term_string}"},"query-input":{"@type":"PropertyValueSpecification","valueRequired":true,"valueName":"search_term_string"}}],"inLanguage":"en-US"},{"@type":"Organization","@id":"https:\/\/www.associazionegiovaneuropa.eu\/en\/#organization","name":"Associazione Giovane Europa","url":"https:\/\/www.associazionegiovaneuropa.eu\/en\/","logo":{"@type":"ImageObject","inLanguage":"en-US","@id":"https:\/\/www.associazionegiovaneuropa.eu\/en\/#\/schema\/logo\/image\/","url":"https:\/\/www.associazionegiovaneuropa.eu\/wp-content\/uploads\/2016\/10\/logo_associazione_giovane_europa.png","contentUrl":"https:\/\/www.associazionegiovaneuropa.eu\/wp-content\/uploads\/2016\/10\/logo_associazione_giovane_europa.png","width":300,"height":110,"caption":"Associazione Giovane Europa"},"image":{"@id":"https:\/\/www.associazionegiovaneuropa.eu\/en\/#\/schema\/logo\/image\/"}},{"@type":"Person","@id":"https:\/\/www.associazionegiovaneuropa.eu\/en\/#\/schema\/person\/e18ca3750a69eae47067f5c8482ff4d7","name":"Giovane Europa","image":{"@type":"ImageObject","inLanguage":"en-US","@id":"https:\/\/secure.gravatar.com\/avatar\/786c4f3c38389c6e95a0775e94447b39153d0f2d0d263236462eb98cb3554084?s=96&d=mm&r=g","url":"https:\/\/secure.gravatar.com\/avatar\/786c4f3c38389c6e95a0775e94447b39153d0f2d0d263236462eb98cb3554084?s=96&d=mm&r=g","contentUrl":"https:\/\/secure.gravatar.com\/avatar\/786c4f3c38389c6e95a0775e94447b39153d0f2d0d263236462eb98cb3554084?s=96&d=mm&r=g","caption":"Giovane Europa"},"sameAs":["http:\/\/Europa"],"url":"https:\/\/www.associazionegiovaneuropa.eu\/en\/author\/giovaneeuropa\/"}]}},"_links":{"self":[{"href":"https:\/\/www.associazionegiovaneuropa.eu\/en\/wp-json\/wp\/v2\/posts\/3240","targetHints":{"allow":["GET"]}}],"collection":[{"href":"https:\/\/www.associazionegiovaneuropa.eu\/en\/wp-json\/wp\/v2\/posts"}],"about":[{"href":"https:\/\/www.associazionegiovaneuropa.eu\/en\/wp-json\/wp\/v2\/types\/post"}],"author":[{"embeddable":true,"href":"https:\/\/www.associazionegiovaneuropa.eu\/en\/wp-json\/wp\/v2\/users\/3"}],"replies":[{"embeddable":true,"href":"https:\/\/www.associazionegiovaneuropa.eu\/en\/wp-json\/wp\/v2\/comments?post=3240"}],"version-history":[{"count":0,"href":"https:\/\/www.associazionegiovaneuropa.eu\/en\/wp-json\/wp\/v2\/posts\/3240\/revisions"}],"wp:featuredmedia":[{"embeddable":true,"href":"https:\/\/www.associazionegiovaneuropa.eu\/en\/wp-json\/wp\/v2\/media\/3241"}],"wp:attachment":[{"href":"https:\/\/www.associazionegiovaneuropa.eu\/en\/wp-json\/wp\/v2\/media?parent=3240"}],"wp:term":[{"taxonomy":"category","embeddable":true,"href":"https:\/\/www.associazionegiovaneuropa.eu\/en\/wp-json\/wp\/v2\/categories?post=3240"},{"taxonomy":"post_tag","embeddable":true,"href":"https:\/\/www.associazionegiovaneuropa.eu\/en\/wp-json\/wp\/v2\/tags?post=3240"}],"curies":[{"name":"wp","href":"https:\/\/api.w.org\/{rel}","templated":true}]}}